{"id":5072,"date":"2026-08-30T23:18:59","date_gmt":"2026-08-30T20:18:59","guid":{"rendered":"https:\/\/focusmeditation.app\/de-ce-anxietatea-se-intensifica-seara\/"},"modified":"2026-08-31T00:20:11","modified_gmt":"2026-08-30T21:20:11","slug":"de-ce-anxietatea-se-intensifica-seara","status":"publish","type":"post","link":"https:\/\/focusmeditation.app\/ro\/de-ce-anxietatea-se-intensifica-seara\/","title":{"rendered":"De ce anxietatea se intensific\u0103 seara"},"content":{"rendered":"\n<p class=\"wp-block-paragraph\">Pe parcursul zilei a\u021bi fost ocupa\u021bi cu munca, studiile sau treburile casnice. P\u0103rea c\u0103 ave\u021bi totul sub control. <\/p>\n\n<p class=\"wp-block-paragraph\">Dar vine seara \u2014 \u0219i \u00een interior apare nelini\u0219tea. G\u00e2ndurile devin mai intense. Sim\u021bi\u021bi nevoia s\u0103 revede\u021bi \u00een minte evenimentele zilei, s\u0103 v\u0103 g\u00e2ndi\u021bi la viitor sau s\u0103 v\u0103 aminti\u021bi tot ce a mai r\u0103mas de f\u0103cut.  <\/p>\n\n<p class=\"wp-block-paragraph\">Dac\u0103 v\u0103 este familiar acest sentiment, nu sunte\u021bi singuri. Mul\u021bi oameni observ\u0103 c\u0103 tocmai <strong>anxietatea de sear\u0103<\/strong> este resim\u021bit\u0103 cel mai intens. Iar cauza nu este neap\u0103rat faptul c\u0103 seara se \u00eent\u00e2mpl\u0103 ceva r\u0103u.  <\/p>\n\n<p class=\"wp-block-paragraph\">De cele mai multe ori, motivul \u021bine de modul \u00een care func\u021bioneaz\u0103 creierul \u0219i sistemul nervos dup\u0103 o zi lung\u0103. Haide\u021bi s\u0103 vedem de ce se \u00eent\u00e2mpl\u0103 acest lucru \u0219i ce pute\u021bi face pentru ca seara s\u0103 redevin\u0103 un moment de odihn\u0103, nu de \u00eengrijorare. <\/p>\n\n<h2 class=\"wp-block-heading\"><strong>Dac\u0103 anxietatea a ap\u0103rut chiar acum<\/strong><\/h2>\n\n<p class=\"wp-block-paragraph\">\u00cenainte de a continua lectura, \u00eencerca\u021bi s\u0103 v\u0103 acorda\u021bi un minut. Inspira\u021bi lent pe nas. Apoi expira\u021bi lung \u0219i calm. Repeta\u021bi de cinci ori.   <\/p>\n\n<p class=\"wp-block-paragraph\">Acum \u00eendrepta\u021bi-v\u0103 aten\u021bia c\u0103tre corp. Sunt umerii relaxa\u021bi? Nu este maxilarul \u00eencordat? Sim\u021bi\u021bi sprijinul sub picioare sau sub spate?   <\/p>\n\n<p class=\"wp-block-paragraph\">Chiar dac\u0103 anxietatea nu a disp\u0103rut complet, organismul dumneavoastr\u0103 a primit deja primul semnal c\u0103 se poate relaxa treptat.<\/p>\n\n<h2 class=\"wp-block-heading\"><strong>De ce anxietatea devine mai intens\u0103 seara<\/strong><\/h2>\n\n<p class=\"wp-block-paragraph\">La prima vedere, acest lucru poate p\u0103rea ciudat. Dac\u0103 \u00een timpul zilei totul a fost \u00een regul\u0103, de ce tocmai seara apare anxietatea? <\/p>\n\n<p class=\"wp-block-paragraph\">R\u0103spunsul este adesea legat nu de apari\u021bia unor probleme noi, ci de faptul c\u0103 \u00een timpul zilei creierul func\u021bioneaz\u0103 \u00eentr-un mod diferit. Atunci c\u00e2nd sunte\u021bi ocupa\u021bi cu sarcini, conversa\u021bii \u0219i activit\u0103\u021bi de zi cu zi, aten\u021bia este \u00eendreptat\u0103 spre exterior. C\u00e2nd vine seara, num\u0103rul stimulilor externi scade. Iar creierul \u00eencepe s\u0103 se concentreze asupra interiorului &#8211; asupra g\u00e2ndurilor, emo\u021biilor \u0219i grijilor care p\u00e2n\u0103 atunci r\u0103m\u00e2neau \u00een fundal.   <\/p>\n\n<p class=\"wp-block-paragraph\">De aceea, <strong>anxietatea de sear\u0103<\/strong> este un fenomen destul de frecvent \u0219i nu \u00eenseamn\u0103 c\u0103 este ceva \u00een neregul\u0103 cu dumneavoastr\u0103.<\/p>\n\n<h2 class=\"wp-block-heading\"><strong>Creierul r\u0103m\u00e2ne, \u00een sf\u00e2r\u0219it, singur cu propriile g\u00e2nduri<\/strong><\/h2>\n\n<p class=\"wp-block-paragraph\">Imagina\u021bi-v\u0103 o camer\u0103 \u00een care muzica a c\u00e2ntat toat\u0103 ziua. At\u00e2t timp c\u00e2t muzica se auzea, aproape c\u0103 nu observa\u021bi tic\u0103itul ceasului. Dar imediat ce muzica se opre\u0219te, acest sunet devine foarte clar.<br\/>Cu anxietatea se poate \u00eent\u00e2mpla ceva asem\u0103n\u0103tor. \u00cen timpul zilei, activit\u0103\u021bile o acoper\u0103.    <\/p>\n\n<p class=\"wp-block-paragraph\">Seara devine mai lini\u0219te. Iar creierul \u00eencepe s\u0103 observe ceea ce \u00eenainte r\u0103m\u00e2nea neobservat. Uneori poate p\u0103rea c\u0103 anxietatea a ap\u0103rut tocmai seara. \u00cen realitate, este posibil ca aceasta s\u0103 se fi acumulat pe parcursul \u00eentregii zile.   <\/p>\n\n<hr class=\"wp-block-separator has-alpha-channel-opacity\"\/>\n\n<h2 class=\"wp-block-heading\"><strong>Oboseala face sistemul nervos mai sensibil<\/strong><\/h2>\n\n<p class=\"wp-block-paragraph\">Dup\u0103 o zi aglomerat\u0103, organismul dumneavoastr\u0103 are nevoie de recuperare. Dar dac\u0103 lucra\u021bi mult timp f\u0103r\u0103 pauze, dormi\u021bi prea pu\u021bin sau v\u0103 afla\u021bi permanent \u00eentr-o stare de tensiune, sistemului nervos \u00eei devine mai dificil s\u0103 regleze emo\u021biile. <\/p>\n\n<p class=\"wp-block-paragraph\">De aceea, seara, pute\u021bi observa:<\/p>\n\n<ul class=\"wp-block-list\">\n<li>nelini\u0219te;<\/li>\n\n\n\n<li>iritabilitate;<\/li>\n\n\n\n<li>tensiune interioar\u0103;<\/li>\n\n\n\n<li>senza\u021bia c\u0103 nu v\u0103 pute\u021bi opri g\u00e2ndurile.<\/li>\n<\/ul>\n\n<p class=\"wp-block-paragraph\">Asta nu \u00eenseamn\u0103 c\u0103 problemele devin mai grave seara. Cel mai adesea, organismului dumneavoastr\u0103 \u00eei r\u0103m\u00e2n pur \u0219i simplu mai pu\u021bine resurse pentru a face fa\u021b\u0103 stresului. <\/p>\n\n<p class=\"wp-block-paragraph\">Este interesant faptul c\u0103 pute\u021bi observa c\u0103 diminea\u021ba acelea\u0219i probleme nu mai par la fel de \u00eenfrico\u0219\u0103toare. Nu pentru c\u0103 situa\u021bia s-a schimbat. Pur \u0219i simplu, pe timpul nop\u021bii, sistemul nervos s-a recuperat par\u021bial, iar creierului \u00eei este mai u\u0219or s\u0103 evalueze situa\u021bia cu mai mult calm.   <\/p>\n\n<h2 class=\"wp-block-heading\"><strong>De ce apare anxietatea noaptea, c\u00e2nd este timpul s\u0103 dormi\u021bi<\/strong><\/h2>\n\n<p class=\"wp-block-paragraph\">Una dintre cele mai frecvente \u00eentreb\u0103ri este: <strong>\u201eDe ce m\u0103 simt anxios noaptea, dac\u0103 deja m-am pus \u00een pat?\u201d<\/strong><\/p>\n\n<p class=\"wp-block-paragraph\">C\u00e2nd v\u0103 culca\u021bi, aproape to\u021bi stimulii externi dispar. Nu mai exist\u0103 sarcini de serviciu. Nu mai sunt conversa\u021bii. Nu mai este nevoie s\u0103 lua\u021bi decizii. Tocmai de aceea, aten\u021bia se poate \u00eendrepta cu u\u0219urin\u021b\u0103 c\u0103tre senza\u021biile \u0219i tr\u0103irile interioare.    <\/p>\n\n<p class=\"wp-block-paragraph\">Dac\u0103 tensiunea s-a acumulat pe parcursul zilei, aceasta poate deveni deosebit de vizibil\u0103 chiar \u00eenainte de culcare. Uneori \u00eencepe\u021bi s\u0103 v\u0103 aminti\u021bi conversa\u021bii nepl\u0103cute, s\u0103 v\u0103 face\u021bi griji pentru ziua de m\u00e2ine sau s\u0103 reveni\u021bi mental la situa\u021bii care deja s-au \u00eencheiat.<br\/>Asta nu \u00eenseamn\u0103 c\u0103 anxietatea devine mai puternic\u0103 \u00een mod automat noaptea. Pur \u0219i simplu, \u00een lini\u0219te este mai u\u0219or s\u0103 o auzi\u021bi.   <\/p>\n\n<h2 class=\"wp-block-heading\"><strong>De ce g\u00e2ndurile \u00eencep s\u0103 se \u00eenv\u00e2rt\u0103 \u00een cerc<\/strong><\/h2>\n\n<p class=\"wp-block-paragraph\">Seara, pute\u021bi observa c\u0103 un g\u00e2nd pare s\u0103 \u00eel atrag\u0103 pe urm\u0103torul.<\/p>\n\n<p class=\"wp-block-paragraph\">\u201eDac\u0103 m\u00e2ine ceva nu va merge bine?\u201d<\/p>\n\n<p class=\"wp-block-paragraph\">\u201eDe ce am spus atunci acel lucru?\u201d<\/p>\n\n<p class=\"wp-block-paragraph\">\u201eDac\u0103 am uitat ceva?\u201d<\/p>\n\n<p class=\"wp-block-paragraph\">Creierului nostru \u00eei place s\u0103 g\u0103seasc\u0103 lucrurile neterminate. Atunci c\u00e2nd apare timp liber, \u00eencearc\u0103 s\u0103 \u201educ\u0103 la cap\u0103t\u201d tot ceea ce nu a reu\u0219it s\u0103 proceseze pe parcursul zilei.<br\/>Din p\u0103cate, astfel de reflec\u021bii rareori duc la rezolvarea problemei. \u00cen schimb, pot intensifica cu u\u0219urin\u021b\u0103 anxietatea.   <\/p>\n\n<h1 class=\"wp-block-heading\"><strong>Ce pute\u021bi face dac\u0103 anxietatea se intensific\u0103 seara<\/strong><\/h1>\n\n<h2 class=\"wp-block-heading\"><strong>1. Nu \u00eencerca\u021bi s\u0103 rezolva\u021bi toate problemele \u00eenainte de culcare<\/strong><\/h2>\n\n<p class=\"wp-block-paragraph\">Seara nu este cel mai bun moment pentru decizii importante. Un creier obosit observ\u0103 mai u\u0219or riscurile dec\u00e2t posibilit\u0103\u021bile.<br\/>Dac\u0103 v\u0103 vine \u00een minte un lucru important pe care nu vre\u021bi s\u0103 \u00eel uita\u021bi, mai bine nota\u021bi-l \u0219i reveni\u021bi la el diminea\u021ba.  <\/p>\n\n<h2 class=\"wp-block-heading\"><strong>2. Face\u021bi seara mai previzibil\u0103<\/strong><\/h2>\n\n<p class=\"wp-block-paragraph\">Sistemului nervos \u00eei plac ritualurile. \u00cencerca\u021bi s\u0103 face\u021bi \u00een fiecare sear\u0103 c\u00e2teva lucruri \u00een aceea\u0219i ordine. <\/p>\n\n<p class=\"wp-block-paragraph\">De exemplu:<br\/><br\/><\/p>\n\n<ul class=\"wp-block-list\">\n<li>reduce\u021bi intensitatea luminii;<\/li>\n\n\n\n<li>be\u021bi o b\u0103utur\u0103 cald\u0103 f\u0103r\u0103 cofein\u0103;<\/li>\n\n\n\n<li>face\u021bi un du\u0219;<\/li>\n\n\n\n<li>citi\u021bi c\u00e2teva pagini dintr-o carte;<\/li>\n\n\n\n<li>face\u021bi o scurt\u0103 medita\u021bie.<\/li>\n<\/ul>\n\n<p class=\"wp-block-paragraph\">\u00cen timp, creierul \u00eencepe s\u0103 perceap\u0103 aceste ac\u021biuni ca pe un semnal c\u0103 se apropie <strong><a href=\"https:\/\/focusmeditation.app\/ro\/fazele-somnului-ce-sunt-si-cum-afecteaza-organismul\/\" target=\"_blank\" data-type=\"link\" data-id=\"https:\/\/focusmeditation.app\/fazy-sna-chto-eto-takoe-i-kak-oni-vliyayut\/\" rel=\"noreferrer noopener\">momentul somnului<\/a><\/strong>.<\/p>\n\n<h2 class=\"wp-block-heading\"><strong>3. Limita\u021bi fluxul de informa\u021bii<\/strong><\/h2>\n\n<p class=\"wp-block-paragraph\">Dac\u0103 citi\u021bi \u0219tiri chiar \u00eenainte de culcare sau derula\u021bi la nesf\u00e2r\u0219it re\u021belele sociale, creierului \u00eei devine mai dificil s\u0103 treac\u0103 \u00een modul de odihn\u0103.<br\/>\u00cencerca\u021bi ca, m\u0103car cu 30\u201360 de minute \u00eenainte de culcare, s\u0103 renun\u021ba\u021bi la fluxul constant de informa\u021bii. Chiar \u0219i un interval at\u00e2t de scurt poate contribui la reducerea tensiunii interioare.  <\/p>\n\n<h2 class=\"wp-block-heading\"><strong>4. \u00cencerca\u021bi exerci\u021biile de respira\u021bie<\/strong><\/h2>\n\n<p class=\"wp-block-paragraph\">Atunci c\u00e2nd anxietatea se intensific\u0103, respira\u021bia devine de obicei mai superficial\u0103.<\/p>\n\n<p class=\"wp-block-paragraph\">Face\u021bi c\u00e2teva cicluri:<\/p>\n\n<ul class=\"wp-block-list\">\n<li>inspira\u021bi timp de 4 secunde;<\/li>\n\n\n\n<li>expira\u021bi lent timp de 6\u20138 secunde.<\/li>\n<\/ul>\n\n<p class=\"wp-block-paragraph\">Nu \u00eencerca\u021bi s\u0103 efectua\u021bi exerci\u021biul perfect. Cel mai important este ca expira\u021bia s\u0103 fie mai lung\u0103 dec\u00e2t inspira\u021bia. <\/p>\n\n<h2 class=\"wp-block-heading\"><strong>5. Permite\u021bi anxiet\u0103\u021bii s\u0103 existe<\/strong><\/h2>\n\n<p class=\"wp-block-paragraph\">Poate suna nea\u0219teptat. Dar cu c\u00e2t \u00eencerca\u021bi mai mult s\u0103 v\u0103 for\u021ba\u021bi s\u0103 nu mai fi\u021bi anxio\u0219i, cu at\u00e2t acorda\u021bi mai mult\u0103 aten\u021bie propriei st\u0103ri. <\/p>\n\n<p class=\"wp-block-paragraph\">\u00cencerca\u021bi s\u0103 \u00eenlocui\u021bi g\u00e2ndul:<\/p>\n\n<p class=\"wp-block-paragraph\">\u201eTrebuie neap\u0103rat s\u0103 m\u0103 lini\u0219tesc.\u201d<\/p>\n\n<p class=\"wp-block-paragraph\">cu unul diferit:<\/p>\n\n<p class=\"wp-block-paragraph\">\u201eDa, acum simt anxietate. \u00cencep s\u0103 respir profund \u0219i calm. Cu fiecare expira\u021bie simt cum m\u0103 lini\u0219tesc. Calmului \u00eei permit s\u0103 m\u0103 cuprind\u0103.\u201d<\/p>\n\n<p class=\"wp-block-paragraph\">O astfel de atitudine v\u0103 poate ajuta s\u0103 v\u0103 relaxa\u021bi mai repede dec\u00e2t lupta permanent\u0103 cu propriile emo\u021bii.<\/p>\n\n<figure class=\"wp-block-image size-large\"><img decoding=\"async\" width=\"1672\" height=\"941\" src=\"https:\/\/focusmeditation.app\/wp-content\/uploads\/2026\/08\/focusmeditation.png\" alt=\"\" class=\"wp-image-5066\" srcset=\"https:\/\/focusmeditation.app\/wp-content\/uploads\/2026\/08\/focusmeditation.png 1672w, https:\/\/focusmeditation.app\/wp-content\/uploads\/2026\/08\/focusmeditation-1280x720.png 1280w, https:\/\/focusmeditation.app\/wp-content\/uploads\/2026\/08\/focusmeditation-980x551.png 980w, https:\/\/focusmeditation.app\/wp-content\/uploads\/2026\/08\/focusmeditation-480x270.png 480w\" sizes=\"(min-width: 0px) and (max-width: 480px) 480px, (min-width: 481px) and (max-width: 980px) 980px, (min-width: 981px) and (max-width: 1280px) 1280px, (min-width: 1281px) 1672px, 100vw\" \/><\/figure>\n\n<h2 class=\"wp-block-heading\"><strong>Ce intensific\u0103 de obicei anxietatea de sear\u0103<\/strong><\/h2>\n\n<p class=\"wp-block-paragraph\">Uneori, f\u0103r\u0103 s\u0103 v\u0103 da\u021bi seama, contribui\u021bi chiar dumneavoastr\u0103 la men\u021binerea st\u0103rii de tensiune.<\/p>\n\n<p class=\"wp-block-paragraph\">De exemplu:<br\/><br\/><\/p>\n\n<ul class=\"wp-block-list\">\n<li>am\u00e2na\u021bi odihna p\u00e2n\u0103 t\u00e2rziu;<\/li>\n\n\n\n<li>lucra\u021bi chiar \u00eenainte de culcare;<\/li>\n\n\n\n<li>citi\u021bi \u0219tiri alarmante;<\/li>\n\n\n\n<li>derula\u021bi la nesf\u00e2r\u0219it re\u021belele sociale;<\/li>\n\n\n\n<li>be\u021bi mult\u0103 cafea \u00een a doua jum\u0103tate a zilei;<\/li>\n\n\n\n<li>\u00eencerca\u021bi s\u0103 rezolva\u021bi toate problemele deodat\u0103.<\/li>\n<\/ul>\n\n<p class=\"wp-block-paragraph\">Dac\u0103 elimina\u021bi m\u0103car unul dintre ace\u0219ti factori, seara poate deveni deja mai lini\u0219tit\u0103.<\/p>\n\n<h2 class=\"wp-block-heading\"><strong>C\u00e2nd este bine s\u0103 cere\u021bi ajutor?<\/strong><\/h2>\n\n<p class=\"wp-block-paragraph\">Dac\u0103 <strong>anxietatea de sear\u0103<\/strong> apare aproape zilnic, provoac\u0103 insomnie, este \u00eenso\u021bit\u0103 de atacuri de panic\u0103 sau v\u0103 afecteaz\u0103 semnificativ calitatea vie\u021bii, ar fi bine s\u0103 discuta\u021bi despre starea dumneavoastr\u0103 cu un specialist.<br\/> <br\/><\/p>\n\n<p class=\"wp-block-paragraph\">A cere ajutor nu \u00eenseamn\u0103 c\u0103 \u201enu a\u021bi reu\u0219it s\u0103 face\u021bi fa\u021b\u0103\u201d. Este un mod de a v\u0103 sus\u021bine \u0219i de a \u00een\u021belege mai repede cauzele a ceea ce se \u00eent\u00e2mpl\u0103. <\/p>\n\n<hr class=\"wp-block-separator has-alpha-channel-opacity\"\/>\n\n<h2 class=\"wp-block-heading\"><strong>Cum v\u0103 poate ajuta Focus<\/strong><\/h2>\n\n<p class=\"wp-block-paragraph\">Seara este unul dintre cele mai potrivite momente pentru a v\u0103 muta treptat aten\u021bia de la activit\u0103\u021bile zilei c\u0103tre odihn\u0103.<\/p>\n\n<p class=\"wp-block-paragraph\">\u00cen <strong><a href=\"https:\/\/focusmeditation.app\/ro\" target=\"_blank\" data-type=\"link\" data-id=\"https:\/\/focusmeditation.app\/ro\" rel=\"noreferrer noopener\">Focus<\/a><\/strong> g\u0103si\u021bi <strong><a href=\"https:\/\/focusmeditation.app\/ro\/meditatie-primii-pasi\/\" target=\"_blank\" data-type=\"link\" data-id=\"https:\/\/focusmeditation.app\/meditaciya-pervye-shagi\/\" rel=\"noreferrer noopener\">medita\u021bii pentru sear\u0103<\/a><\/strong>, exerci\u021bii de respira\u021bie, practici de relaxare \u0219i programe pentru somn, care v\u0103 pot ajuta s\u0103 crea\u021bi un ritual lini\u0219tit \u00eenainte de culcare.<\/p>\n\n<p class=\"wp-block-paragraph\">\u00cen timp, astfel de obiceiuri devin pentru sistemul nervos un semnal c\u0103 ziua se \u00eencheie \u0219i c\u0103 este momentul s\u0103 elibera\u021bi treptat tensiunea acumulat\u0103.<\/p>\n\n<h2 class=\"wp-block-heading\"><strong>Ce este important s\u0103 re\u021bine\u021bi<\/strong><\/h2>\n\n<p class=\"wp-block-paragraph\">Dac\u0103 seara anxietatea devine mai intens\u0103, acest lucru nu \u00eenseamn\u0103 neap\u0103rat c\u0103 vi se \u00eent\u00e2mpl\u0103 ceva neobi\u0219nuit.<br\/>Cel mai adesea, este un semn c\u0103, dup\u0103 o zi aglomerat\u0103, sistemul nervos are \u00een sf\u00e2r\u0219it ocazia s\u0103 acorde aten\u021bie oboselii \u0219i tr\u0103irilor acumulate. <\/p>\n\n<p class=\"wp-block-paragraph\">Nu \u00eencerca\u021bi s\u0103 v\u0103 impune\u021bi s\u0103 fi\u021bi complet calmi. \u00cen schimb, \u00eencerca\u021bi s\u0103 v\u0103 oferi\u021bi pu\u021bin din ceea ce este posibil s\u0103 v\u0103 fi lipsit pe parcursul \u00eentregii zile: <\/p>\n\n<p class=\"wp-block-paragraph\">c\u00e2teva minute de lini\u0219te,<\/p>\n\n<p class=\"wp-block-paragraph\">c\u00e2teva respira\u021bii lente,<\/p>\n\n<p class=\"wp-block-paragraph\">pu\u021bin mai pu\u021bine informa\u021bii,<\/p>\n\n<p class=\"wp-block-paragraph\">pu\u021bin mai mult\u0103 grij\u0103 fa\u021b\u0103 de propria persoan\u0103.<\/p>\n\n<p class=\"wp-block-paragraph\">Uneori, tocmai seara poate deveni cel mai bun moment nu pentru a lupta cu anxietatea, ci pentru a v\u0103 rec\u00e2\u0219tiga treptat sentimentul de siguran\u021b\u0103.<\/p>\n\n<p class=\"wp-block-paragraph\"><strong>FAQ<\/strong><\/p>\n\n<h3 class=\"wp-block-heading\"><strong>De ce anxietatea se intensific\u0103 tocmai seara?<\/strong><\/h3>\n\n<p class=\"wp-block-paragraph\">\u00cen timpul zilei, aten\u021bia este ocupat\u0103 cu diverse activit\u0103\u021bi, astfel \u00eenc\u00e2t grijile pot r\u0103m\u00e2ne neobservate. Seara, stimulii externi se reduc, iar creierul \u00eencepe s\u0103 acorde mai mult\u0103 aten\u021bie propriilor g\u00e2nduri \u0219i emo\u021bii. <\/p>\n\n<h3 class=\"wp-block-heading\"><strong>De ce apare anxietatea noaptea, \u00eenainte de culcare?<\/strong><\/h3>\n\n<p class=\"wp-block-paragraph\">\u00cenainte de culcare este mai mult\u0103 lini\u0219te, iar oboseala face sistemul nervos mai sensibil. De aceea, g\u00e2ndurile anxioase pot fi resim\u021bite mai intens. <\/p>\n\n<h3 class=\"wp-block-heading\"><strong>Este normal s\u0103 sim\u021bi\u021bi anxietate doar seara?<\/strong><\/h3>\n\n<p class=\"wp-block-paragraph\">Da. Multe persoane observ\u0103 acest tipar. \u00cen sine, nu este ceva neobi\u0219nuit, at\u00e2t timp c\u00e2t anxietatea nu devine constant\u0103 \u0219i nu \u00eencepe s\u0103 afecteze serios via\u021ba de zi cu zi.  <\/p>\n\n<h3 class=\"wp-block-heading\"><strong>Telefonul poate intensifica anxietatea de sear\u0103?<\/strong><\/h3>\n\n<p class=\"wp-block-paragraph\">Da. \u0218tirile, re\u021belele sociale \u0219i fluxul constant de informa\u021bii men\u021bin creierul \u00eentr-o stare de activitate, ceea ce \u00eei poate \u00eengreuna trecerea c\u0103tre odihn\u0103. <\/p>\n\n<h3 class=\"wp-block-heading\"><strong>Ce ajut\u0103 la calmarea mai rapid\u0103 seara?<\/strong><\/h3>\n\n<p class=\"wp-block-paragraph\">De obicei, pot fi utile un ritual lini\u0219tit de sear\u0103, reducerea volumului de informa\u021bii, respira\u021bia lent\u0103, lumina difuz\u0103 \u0219i practicile regulate de relaxare.<\/p>\n","protected":false},"excerpt":{"rendered":"<p>Pe parcursul zilei a\u021bi fost ocupa\u021bi cu munca, studiile sau treburile casnice. P\u0103rea c\u0103 ave\u021bi totul sub control. Dar vine seara \u2014 \u0219i \u00een interior apare nelini\u0219tea. G\u00e2ndurile devin mai intense. Sim\u021bi\u021bi nevoia s\u0103 revede\u021bi \u00een minte evenimentele zilei, s\u0103 v\u0103 g\u00e2ndi\u021bi la viitor sau s\u0103 v\u0103 aminti\u021bi tot ce a mai r\u0103mas de f\u0103cut. [&hellip;]<\/p>\n","protected":false},"author":3,"featured_media":5063,"comment_status":"closed","ping_status":"closed","sticky":false,"template":"","format":"standard","meta":{"_et_pb_use_builder":"off","_et_pb_old_content":"","_et_gb_content_width":"","footnotes":""},"categories":[74],"tags":[],"class_list":["post-5072","post","type-post","status-publish","format-standard","has-post-thumbnail","hentry","category-blog"],"_links":{"self":[{"href":"https:\/\/focusmeditation.app\/ro\/wp-json\/wp\/v2\/posts\/5072","targetHints":{"allow":["GET"]}}],"collection":[{"href":"https:\/\/focusmeditation.app\/ro\/wp-json\/wp\/v2\/posts"}],"about":[{"href":"https:\/\/focusmeditation.app\/ro\/wp-json\/wp\/v2\/types\/post"}],"author":[{"embeddable":true,"href":"https:\/\/focusmeditation.app\/ro\/wp-json\/wp\/v2\/users\/3"}],"replies":[{"embeddable":true,"href":"https:\/\/focusmeditation.app\/ro\/wp-json\/wp\/v2\/comments?post=5072"}],"version-history":[{"count":1,"href":"https:\/\/focusmeditation.app\/ro\/wp-json\/wp\/v2\/posts\/5072\/revisions"}],"predecessor-version":[{"id":5073,"href":"https:\/\/focusmeditation.app\/ro\/wp-json\/wp\/v2\/posts\/5072\/revisions\/5073"}],"wp:featuredmedia":[{"embeddable":true,"href":"https:\/\/focusmeditation.app\/ro\/wp-json\/wp\/v2\/media\/5063"}],"wp:attachment":[{"href":"https:\/\/focusmeditation.app\/ro\/wp-json\/wp\/v2\/media?parent=5072"}],"wp:term":[{"taxonomy":"category","embeddable":true,"href":"https:\/\/focusmeditation.app\/ro\/wp-json\/wp\/v2\/categories?post=5072"},{"taxonomy":"post_tag","embeddable":true,"href":"https:\/\/focusmeditation.app\/ro\/wp-json\/wp\/v2\/tags?post=5072"}],"curies":[{"name":"wp","href":"https:\/\/api.w.org\/{rel}","templated":true}]}}